{"id":942,"date":"2025-01-10T11:48:45","date_gmt":"2025-01-10T10:48:45","guid":{"rendered":"https:\/\/guiamb.com\/ensemble-vadya\/"},"modified":"2025-02-14T12:19:38","modified_gmt":"2025-02-14T11:19:38","slug":"ensemble-vadya","status":"publish","type":"post","link":"https:\/\/guiamb.com\/ca\/ensemble-vadya\/","title":{"rendered":"Ensemble Vadya"},"content":{"rendered":"<p>L&#8217;Ensemble Vadya naix en 2017 amb el simple afany de les seues components de gaudir fent m\u00fasica juntes i portar la seua alegria i passi\u00f3 al p\u00fablic.<\/p>\n<p>Es tracta d&#8217;una formaci\u00f3 poc com\u00fa (dos clarinets i piano) que compta amb un repertori poc ampli per\u00f2 interessant, amb els imprescindibles Mendelssohn i Schubert.<\/p>\n<p>Han realitzat concerts dins de l&#8217;Agenda Cultural de l&#8217;Ajuntament de Ll\u00edria, en l&#8217;Ateneu Mercantil de Val\u00e8ncia, en el Museu Marqu\u00e9s de Dos Aig\u00fces, en la Casa de Cultura de Montserrat, al Conservatori Professional de M\u00fasica de Torrent i al Palau de la M\u00fasica de Val\u00e8ncia.<\/p>\n<p>&nbsp;<\/p>\n<p><img fetchpriority=\"high\" decoding=\"async\" class=\"size-medium wp-image-978 aligncenter\" src=\"https:\/\/guiamb.com\/wp-content\/uploads\/2025\/01\/concierto-Ensemble-Vadya-300x294.jpeg\" alt=\"\" width=\"300\" height=\"294\" srcset=\"https:\/\/guiamb.com\/wp-content\/uploads\/2025\/01\/concierto-Ensemble-Vadya-300x294.jpeg 300w, https:\/\/guiamb.com\/wp-content\/uploads\/2025\/01\/concierto-Ensemble-Vadya-1024x1002.jpeg 1024w, https:\/\/guiamb.com\/wp-content\/uploads\/2025\/01\/concierto-Ensemble-Vadya-768x752.jpeg 768w, https:\/\/guiamb.com\/wp-content\/uploads\/2025\/01\/concierto-Ensemble-Vadya.jpeg 1170w\" sizes=\"(max-width: 300px) 100vw, 300px\" \/><\/p>\n<p>&nbsp;<\/p>\n","protected":false},"excerpt":{"rendered":"<p>L&#8217;Ensemble Vadya naix en 2017 amb el simple afany de les seues components de gaudir fent m\u00fasica juntes i portar la seua alegria i passi\u00f3 al p\u00fablic. Es tracta d&#8217;una formaci\u00f3 poc com\u00fa (dos clarinets i piano) que compta amb un repertori poc ampli per\u00f2 interessant, amb els imprescindibles Mendelssohn i Schubert. Han realitzat concerts [&hellip;]<\/p>\n","protected":false},"author":2,"featured_media":940,"comment_status":"closed","ping_status":"open","sticky":false,"template":"","format":"standard","meta":{"_acf_changed":false,"footnotes":""},"categories":[21],"tags":[],"class_list":["post-942","post","type-post","status-publish","format-standard","has-post-thumbnail","hentry","category-nuestros-artistas-ca"],"acf":[],"_links":{"self":[{"href":"https:\/\/guiamb.com\/ca\/wp-json\/wp\/v2\/posts\/942","targetHints":{"allow":["GET"]}}],"collection":[{"href":"https:\/\/guiamb.com\/ca\/wp-json\/wp\/v2\/posts"}],"about":[{"href":"https:\/\/guiamb.com\/ca\/wp-json\/wp\/v2\/types\/post"}],"author":[{"embeddable":true,"href":"https:\/\/guiamb.com\/ca\/wp-json\/wp\/v2\/users\/2"}],"replies":[{"embeddable":true,"href":"https:\/\/guiamb.com\/ca\/wp-json\/wp\/v2\/comments?post=942"}],"version-history":[{"count":3,"href":"https:\/\/guiamb.com\/ca\/wp-json\/wp\/v2\/posts\/942\/revisions"}],"predecessor-version":[{"id":984,"href":"https:\/\/guiamb.com\/ca\/wp-json\/wp\/v2\/posts\/942\/revisions\/984"}],"wp:featuredmedia":[{"embeddable":true,"href":"https:\/\/guiamb.com\/ca\/wp-json\/wp\/v2\/media\/940"}],"wp:attachment":[{"href":"https:\/\/guiamb.com\/ca\/wp-json\/wp\/v2\/media?parent=942"}],"wp:term":[{"taxonomy":"category","embeddable":true,"href":"https:\/\/guiamb.com\/ca\/wp-json\/wp\/v2\/categories?post=942"},{"taxonomy":"post_tag","embeddable":true,"href":"https:\/\/guiamb.com\/ca\/wp-json\/wp\/v2\/tags?post=942"}],"curies":[{"name":"wp","href":"https:\/\/api.w.org\/{rel}","templated":true}]}}