{"id":966,"date":"2025-02-02T11:40:47","date_gmt":"2025-02-02T10:40:47","guid":{"rendered":"https:\/\/guiamb.com\/trobades-santa-pola\/"},"modified":"2025-12-10T16:19:51","modified_gmt":"2025-12-10T15:19:51","slug":"trobades-santa-pola","status":"publish","type":"post","link":"https:\/\/guiamb.com\/ca\/trobades-santa-pola\/","title":{"rendered":"Trobades Santa Pola"},"content":{"rendered":"<p>Guia\u2019M B\u00e9 va prestar serveis de gesti\u00f3 cultural a l&#8217;Associaci\u00f3 Cultural l&#8217;Antina per a l&#8217;organitzaci\u00f3 de les Trobades d&#8217;Escoles Valencianes a Santa Pola el 2024. Aquests inclo\u00efen:<\/p>\n<ul>\n<li>Assessorament per a l\u2019obtenci\u00f3 d\u2019autoritzacions i presentaci\u00f3 de sol\u00b7licitud a trav\u00e9s de la seu electr\u00f2nica municipal.<\/li>\n<li>Assessorament i comunicaci\u00f3 amb tercers per a la seguretat de l\u2019esdeveniment.<\/li>\n<li>Coordinaci\u00f3 amb els centres educatius que hi participaven.<\/li>\n<\/ul>\n<p>&nbsp;<\/p>\n<p>A m\u00e9s, vam impartir un taller did\u00e0ctic amb un puzle de diverses arts durant les jornades.<\/p>\n<p>&nbsp;<\/p>\n<p><img fetchpriority=\"high\" decoding=\"async\" class=\"aligncenter wp-image-905 \" src=\"https:\/\/guiamb.com\/wp-content\/uploads\/2025\/02\/WhatsApp-Image-2025-02-04-at-11.39.26-1024x768.jpeg\" alt=\"\" width=\"448\" height=\"336\" srcset=\"https:\/\/guiamb.com\/wp-content\/uploads\/2025\/02\/WhatsApp-Image-2025-02-04-at-11.39.26-1024x768.jpeg 1024w, https:\/\/guiamb.com\/wp-content\/uploads\/2025\/02\/WhatsApp-Image-2025-02-04-at-11.39.26-300x225.jpeg 300w, https:\/\/guiamb.com\/wp-content\/uploads\/2025\/02\/WhatsApp-Image-2025-02-04-at-11.39.26-768x576.jpeg 768w, https:\/\/guiamb.com\/wp-content\/uploads\/2025\/02\/WhatsApp-Image-2025-02-04-at-11.39.26-1536x1152.jpeg 1536w, https:\/\/guiamb.com\/wp-content\/uploads\/2025\/02\/WhatsApp-Image-2025-02-04-at-11.39.26-2048x1536.jpeg 2048w\" sizes=\"(max-width: 448px) 100vw, 448px\" \/><\/p>\n<p>&nbsp;<\/p>\n","protected":false},"excerpt":{"rendered":"<p>Guia\u2019M B\u00e9 va prestar serveis de gesti\u00f3 cultural a l&#8217;Associaci\u00f3 Cultural l&#8217;Antina per a l&#8217;organitzaci\u00f3 de les Trobades d&#8217;Escoles Valencianes a Santa Pola el 2024. Aquests inclo\u00efen: Assessorament per a l\u2019obtenci\u00f3 d\u2019autoritzacions i presentaci\u00f3 de sol\u00b7licitud a trav\u00e9s de la seu electr\u00f2nica municipal. Assessorament i comunicaci\u00f3 amb tercers per a la seguretat de l\u2019esdeveniment. Coordinaci\u00f3 [&hellip;]<\/p>\n","protected":false},"author":2,"featured_media":891,"comment_status":"closed","ping_status":"open","sticky":false,"template":"","format":"standard","meta":{"_acf_changed":false,"footnotes":""},"categories":[18],"tags":[],"class_list":["post-966","post","type-post","status-publish","format-standard","has-post-thumbnail","hentry","category-nuestros-proyectos-ca"],"acf":[],"_links":{"self":[{"href":"https:\/\/guiamb.com\/ca\/wp-json\/wp\/v2\/posts\/966","targetHints":{"allow":["GET"]}}],"collection":[{"href":"https:\/\/guiamb.com\/ca\/wp-json\/wp\/v2\/posts"}],"about":[{"href":"https:\/\/guiamb.com\/ca\/wp-json\/wp\/v2\/types\/post"}],"author":[{"embeddable":true,"href":"https:\/\/guiamb.com\/ca\/wp-json\/wp\/v2\/users\/2"}],"replies":[{"embeddable":true,"href":"https:\/\/guiamb.com\/ca\/wp-json\/wp\/v2\/comments?post=966"}],"version-history":[{"count":4,"href":"https:\/\/guiamb.com\/ca\/wp-json\/wp\/v2\/posts\/966\/revisions"}],"predecessor-version":[{"id":1098,"href":"https:\/\/guiamb.com\/ca\/wp-json\/wp\/v2\/posts\/966\/revisions\/1098"}],"wp:featuredmedia":[{"embeddable":true,"href":"https:\/\/guiamb.com\/ca\/wp-json\/wp\/v2\/media\/891"}],"wp:attachment":[{"href":"https:\/\/guiamb.com\/ca\/wp-json\/wp\/v2\/media?parent=966"}],"wp:term":[{"taxonomy":"category","embeddable":true,"href":"https:\/\/guiamb.com\/ca\/wp-json\/wp\/v2\/categories?post=966"},{"taxonomy":"post_tag","embeddable":true,"href":"https:\/\/guiamb.com\/ca\/wp-json\/wp\/v2\/tags?post=966"}],"curies":[{"name":"wp","href":"https:\/\/api.w.org\/{rel}","templated":true}]}}